{"id":45,"date":"2023-12-09T17:27:42","date_gmt":"2023-12-09T17:27:42","guid":{"rendered":"https:\/\/www.kareltomek.cz\/?p=45"},"modified":"2023-12-09T17:27:42","modified_gmt":"2023-12-09T17:27:42","slug":"prosinec-jak-ho-mam-i-nemam-rad","status":"publish","type":"post","link":"https:\/\/www.kareltomek.cz\/?p=45","title":{"rendered":"Prosinec jak ho m\u00e1m i nem\u00e1m r\u00e1d"},"content":{"rendered":"\n<p>Prosinec je takov\u00fd zvl\u00e1\u0161tn\u00ed m\u011bs\u00edc. U\u017e od listopadu se boj\u00edm pustit r\u00e1dio, odkud na m\u011b s jistotou b\u011bhem p\u00e1r ve\u0159in zaje\u010d\u00ed n\u011bjak\u00e1 reklama, abych se dozv\u011bd\u011bl, \u017ee d\u016fvodem moj\u00ed existence je nakoupit to \u010di ono ve slev\u011b a t\u00edm dos\u00e1hnout dokonal\u00e9ho \u0161t\u011bs\u00ed nejen pro sebe, ale i pro p\u0159\u00edpadn\u00e9ho obdarovan\u00e9ho. Vy je\u0161t\u011b nem\u00e1te nakoupeno u n\u00e1s? Co jste to za \u010dlev\u011bka? Ty, ty, ty&#8230; Od p\u016flky prosince se u\u017e v\u0161ichni tv\u00e1\u0159\u00ed, \u017ee za p\u00e1r dn\u00ed nastane konce sv\u011bta, tak\u017ee nikde nic nevy\u0159\u00edd\u00edte. I kdy\u017e ob\u010das n\u011bkdo nesm\u011ble p\u0159ipust\u00ed, \u017ee mo\u017en\u00e1 podobn\u011b jako vloni, bude sv\u011bt existovat i po V\u00e1noc\u00edch a Nov\u00e9m roce. Tak jsem se s jedn\u00edm p\u00e1nem u pokladny v supermarketu, kter\u00fd pon\u011bkud vyjeven\u011b sledoval, kde se v\u0161ichni ti lidi vzali, shodl na tom, \u017ee bude moc hezk\u00e9, a\u017e bude tak kolem 10. ledna a sv\u011bt bude zas norm\u00e1ln\u00ed.<\/p>\n\n\n\n<p>Ale abych to vzal z t\u00e9 p\u0159\u00edjemn\u011bj\u0161\u00ed str\u00e1nky. T\u011b\u0161\u00edm se na rodinu, d\u011bti, vnou\u010data, na zp\u00edv\u00e1n\u00ed s kamar\u00e1dy v hodpod\u011b, vych\u00e1zky do douf\u00e1m zasn\u011b\u017een\u00e9 krajiny. A taky se t\u011b\u0161\u00edm, \u017ee bude vic klidu na psan\u00ed kn\u00ed\u017eky pro za\u010d\u00ednaj\u00edc\u00ed u\u010ditele. P\u0159\u00ed\u0161t\u00ed rok ji Infra vyd\u00e1. A taky p\u0159ipravujeme v spolupr\u00e1ci Pedagogick\u00e9ho institutu o.p.s. a spole\u010dnsoti Infra s. r. o., dlouho pl\u00e1novan\u00fd <a href=\"https:\/\/www.infracz.cz\/zaklady-mentorskych-dovednosti\">kurz z\u00e1klad\u016f mentoringu<\/a>, kter\u00fd chceme spustit prvn\u00edm setk\u00e1n\u00edm 10.1.2024.  <\/p>\n","protected":false},"excerpt":{"rendered":"<p>Prosinec je takov\u00fd zvl\u00e1\u0161tn\u00ed m\u011bs\u00edc. U\u017e od listopadu se boj\u00edm pustit r\u00e1dio, odkud na m\u011b s jistotou b\u011bhem p\u00e1r ve\u0159in &hellip; <\/p>\n","protected":false},"author":1,"featured_media":0,"comment_status":"open","ping_status":"open","sticky":false,"template":"","format":"standard","meta":{"footnotes":""},"categories":[1],"tags":[],"class_list":["post-45","post","type-post","status-publish","format-standard","hentry","category-uncategorized"],"_links":{"self":[{"href":"https:\/\/www.kareltomek.cz\/index.php?rest_route=\/wp\/v2\/posts\/45","targetHints":{"allow":["GET"]}}],"collection":[{"href":"https:\/\/www.kareltomek.cz\/index.php?rest_route=\/wp\/v2\/posts"}],"about":[{"href":"https:\/\/www.kareltomek.cz\/index.php?rest_route=\/wp\/v2\/types\/post"}],"author":[{"embeddable":true,"href":"https:\/\/www.kareltomek.cz\/index.php?rest_route=\/wp\/v2\/users\/1"}],"replies":[{"embeddable":true,"href":"https:\/\/www.kareltomek.cz\/index.php?rest_route=%2Fwp%2Fv2%2Fcomments&post=45"}],"version-history":[{"count":1,"href":"https:\/\/www.kareltomek.cz\/index.php?rest_route=\/wp\/v2\/posts\/45\/revisions"}],"predecessor-version":[{"id":46,"href":"https:\/\/www.kareltomek.cz\/index.php?rest_route=\/wp\/v2\/posts\/45\/revisions\/46"}],"wp:attachment":[{"href":"https:\/\/www.kareltomek.cz\/index.php?rest_route=%2Fwp%2Fv2%2Fmedia&parent=45"}],"wp:term":[{"taxonomy":"category","embeddable":true,"href":"https:\/\/www.kareltomek.cz\/index.php?rest_route=%2Fwp%2Fv2%2Fcategories&post=45"},{"taxonomy":"post_tag","embeddable":true,"href":"https:\/\/www.kareltomek.cz\/index.php?rest_route=%2Fwp%2Fv2%2Ftags&post=45"}],"curies":[{"name":"wp","href":"https:\/\/api.w.org\/{rel}","templated":true}]}}